{"id":29285,"date":"2026-08-31T10:16:32","date_gmt":"2026-08-31T09:16:32","guid":{"rendered":"https:\/\/cineuro.eu\/?post_type=actualite&#038;p=29285"},"modified":"2026-08-31T10:25:09","modified_gmt":"2026-08-31T09:25:09","slug":"rueckblick-auf-das-forum-alentours-2026","status":"publish","type":"actualite","link":"https:\/\/cineuro.eu\/de\/news\/rueckblick-auf-das-forum-alentours-2026\/","title":{"rendered":"R\u00fcckblick auf das Forum Alentours 2026"},"content":{"rendered":"<div class=\"mceTemp\"><\/div>\n<p class=\"p--big c-primary\"><strong>Mehr als 350 Fachleute aus der Film- und Audiovisionsbranche nutzten auch in diesem Jahr drei Tage lang Pitching-Sessions, inspirierende Panels und One-to-One-Meetings. Damit Sie dieses bedeutende Ereignis der grenz\u00fcberschreitenden Koproduktion noch einmal Revue passieren lassen k\u00f6nnen, finden Sie hier die wichtigsten H\u00f6hepunkte des Forums im \u00dcberblick!<\/strong><\/p>\n<p>&nbsp;<\/p>\n<h3 data-start=\"545\" data-end=\"587\"><strong data-start=\"545\" data-end=\"587\">Hohe Beteiligung und eine weiter gest\u00e4rkte grenz\u00fcberschreitende Zusammenarbeit<\/strong><\/h3>\n<p class=\"isSelectedEnd\">Zur <strong>21. Ausgabe<\/strong> des Forums kamen <strong>mehr als 350 Fachleute<\/strong> aus der Film- und Audiovisionsbranche zusammen. Damit best\u00e4tigte das Forum erneut seine Rolle als f\u00fchrende Veranstaltung f\u00fcr die grenz\u00fcberschreitende Koproduktion und begr\u00fc\u00dfte zahlreiche Teilnehmende aus <strong>Deutschland, Belgien, der Schweiz und Luxemburg<\/strong>. Dar\u00fcber hinaus durfte das Forum in diesem Jahr erstmals auch Fachleute aus <strong>Spanien und dem Iran<\/strong> willkommen hei\u00dfen \u2013 eine Premiere in der Geschichte der Veranstaltung.<\/p>\n<p>Im Sinne dieser grenz\u00fcberschreitenden Zusammenarbeit wurden au\u00dferdem <strong>mehr als 300 One-to-One-Meetings<\/strong> zwischen Produzentinnen und Produzenten sowie Finanzierungspartnern organisiert. Diese Gespr\u00e4che erm\u00f6glichten es zahlreichen Projekten, ihre Koproduktions- und Finanzierungsstrategien entscheidend voranzubringen.<\/p>\n<h3>21 Forum-Alentours-Projekte und 5 CinEuro-Preis-Projekte bei den Pitching-Sessions<\/h3>\n<p class=\"isSelectedEnd\">An den Pitching-Sessions nahmen in diesem Jahr rund <strong>200 Fachleute<\/strong> sowie etwa zwanzig F\u00f6rderinstitutionen und Finanzierungspartner teil. Pr\u00e4sentiert wurden <a href=\"https:\/\/culture.grandest.fr\/l\/6543\/500321006\/2072\/161841\/34593\/71290455\"><strong>21 Projekte des Forum Alentours<\/strong> sowie <strong>5 Projekte des CinEuro-Preises<\/strong><\/a>. Im Anschluss an zwei Schreibwerkst\u00e4tten des <strong>CinEuro Film Lab<\/strong> erhielten au\u00dferdem <strong>vier Autorinnen und Autoren<\/strong> des Workshops <a href=\"https:\/\/cineuro.eu\/de\/cineuro-film-lab\/european-stories-cineuro-film-lab\/\"><strong>European Stories<\/strong><\/a> sowie <strong>f\u00fcnf Autorinnen und Autoren<\/strong> des Workshops <a href=\"https:\/\/cineuro.eu\/de\/cineuro-film-lab\/beyond-borders\/\"><strong>Beyond Borders, Within Societies<\/strong><\/a> die Gelegenheit, ihre Projekte im Rahmen der Pitching-Sessions vorzustellen.<\/p>\n<p>Nach den Pr\u00e4sentationen der f\u00fcnf Finalisten des <strong>CinEuro-Preises 2026<\/strong> wurde das Animationsfilmprojekt <strong>Vol au Vent<\/strong>, geschrieben von <strong>El\u00e9onore Devillepoix<\/strong>, inszeniert von <strong>Margot Reumont<\/strong> und produziert von <strong>Gregory Zalcman<\/strong>, mit dem Preis ausgezeichnet. Die Auszeichnung unterstreicht die wachsende Bedeutung internationaler Koproduktionen im Animationsfilm.<\/p>\n<h3><strong>Fachlich fundierte und zukunftsweisende Paneldiskussionen<\/strong><\/h3>\n<p class=\"isSelectedEnd\">W\u00e4hrend des Forums fanden <strong>f\u00fcnf Panels<\/strong> zu zentralen Themen der Branche statt: aktuelle Entwicklungen auf den Filmm\u00e4rkten, das <strong>25-j\u00e4hrige Jubil\u00e4um des Mini-Vertrags<\/strong>, die Vorstellung der <strong>StepUp-Plattform<\/strong>, das <strong>MEDIA-F\u00f6rderprogramm f\u00fcr Koproduktionen<\/strong> sowie Unterst\u00fctzungs- und F\u00f6rderm\u00f6glichkeiten f\u00fcr aufstrebende Talente. Zu den Referierenden geh\u00f6rten unter anderem <strong>Tanja Meissner<\/strong>, Direktorin des European Film Market, <strong>Claire Lambry<\/strong>, Generalsekret\u00e4rin des Festivals Premiers Plans d&#8217;Angers, sowie <strong>Heike Meyer-D\u00f6ring<\/strong>, Leiterin des Creative Europe Desk NRW.<\/p>\n<p>Die Panels griffen die <strong>aktuellen Entwicklungen der Filmbranche<\/strong> auf und boten den Teilnehmenden wertvolle Einblicke in die <strong>gegenw\u00e4rtigen Herausforderungen und Perspektiven des audiovisuellen Sektors<\/strong>.<\/p>\n<h3><strong>Forum Alentours erh\u00e4lt die h\u00f6chste Umweltzertifizierung<\/strong><\/h3>\n<p class=\"isSelectedEnd\">Im Einklang mit dem Engagement des Audiovisionssektors f\u00fcr mehr Nachhaltigkeit setzte das Forum seine Ma\u00dfnahmen zur <strong>Reduzierung seines CO\u2082-Fu\u00dfabdrucks<\/strong> konsequent fort. M\u00fclltrennung, vegetarische Verpflegung, wiederverwendbare Namensschilder sowie die F\u00f6rderung nachhaltiger Mobilit\u00e4t geh\u00f6rten zu den zahlreichen Ma\u00dfnahmen, die in diesem Jahr umgesetzt wurden. Diese Bem\u00fchungen wurden belohnt: Dank des Engagements der Teilnehmenden und der Unterst\u00fctzung durch den Verein <strong>\u00c9co-Manifestations Alsace<\/strong> erhielt das Forum die <strong>Zertifizierung der Stufe 3<\/strong> \u2013 die h\u00f6chste Auszeichnung der Charta f\u00fcr nachhaltige Veranstaltungen.<\/p>\n<p style=\"text-align: center;\"><img loading=\"lazy\" decoding=\"async\" class=\"size-full wp-image-29231 aligncenter\" src=\"https:\/\/cineuro.eu\/wp-content\/uploads\/2026\/07\/label-ecomanifestations-niv3-2025.png\" alt=\"\" width=\"200\" height=\"200\" srcset=\"https:\/\/cineuro.eu\/wp-content\/uploads\/2026\/07\/label-ecomanifestations-niv3-2025.png 200w, https:\/\/cineuro.eu\/wp-content\/uploads\/2026\/07\/label-ecomanifestations-niv3-2025-150x150.png 150w, https:\/\/cineuro.eu\/wp-content\/uploads\/2026\/07\/label-ecomanifestations-niv3-2025-125x125.png 125w\" sizes=\"auto, (max-width: 200px) 100vw, 200px\" \/><\/p>\n<p style=\"text-align: center;\"><a class=\"btn btn--secondary\" href=\"https:\/\/youtube.com\/shorts\/0LjjcsIhO0g?si=VTg5HhuCZ0yyWZZ1\">Erleben Sie die H\u00f6hepunkte des Forums noch einmal im Video!<\/a><\/p>\n<p style=\"text-align: center;\">Ein herzliches Dankesch\u00f6n an alle Teilnehmenden, wir freuen uns darauf, Sie im n\u00e4chsten Jahr wieder begr\u00fc\u00dfen zu d\u00fcrfen!<\/p>\n<p style=\"text-align: center;\">Folgen Sie uns bis dahin gerne auf den sozialen Netzwerken, um keine Neuigkeiten rund um CinEuro zu verpassen.<\/p>\n<p style=\"text-align: center;\"><a href=\"https:\/\/www.facebook.com\/cineuro\/\"><img loading=\"lazy\" decoding=\"async\" class=\"alignnone wp-image-26417 aligncenter\" src=\"https:\/\/cineuro.eu\/wp-content\/uploads\/2024\/12\/facebook-logo-4406234.png\" sizes=\"auto, (max-width: 25px) 100vw, 25px\" srcset=\"https:\/\/cineuro.eu\/wp-content\/uploads\/2024\/12\/facebook-logo-4406234.png 512w, https:\/\/cineuro.eu\/wp-content\/uploads\/2024\/12\/facebook-logo-4406234-300x300.png 300w, https:\/\/cineuro.eu\/wp-content\/uploads\/2024\/12\/facebook-logo-4406234-150x150.png 150w, https:\/\/cineuro.eu\/wp-content\/uploads\/2024\/12\/facebook-logo-4406234-510x540.png 510w, https:\/\/cineuro.eu\/wp-content\/uploads\/2024\/12\/facebook-logo-4406234-255x270.png 255w, https:\/\/cineuro.eu\/wp-content\/uploads\/2024\/12\/facebook-logo-4406234-250x250.png 250w, https:\/\/cineuro.eu\/wp-content\/uploads\/2024\/12\/facebook-logo-4406234-125x125.png 125w\" alt=\"\" width=\"25\" height=\"25\" \/><\/a>@cineuro \/<a href=\"https:\/\/www.linkedin.com\/showcase\/cineuro\">cineuro<\/a><\/p>\n<p style=\"text-align: center;\">Zum Abschluss laden wir Sie ein, mit unserer Bildergalerie noch einmal auf diese au\u00dfergew\u00f6hnliche Ausgabe des Forums zur\u00fcckzublicken.<\/p>\n<p style=\"text-align: center;\"><img loading=\"lazy\" decoding=\"async\" class=\"size-full wp-image-29262\" src=\"https:\/\/cineuro.eu\/wp-content\/uploads\/2026\/07\/forum-alentours-strasbourg-2026-07-02-sl-21-1.jpg\" alt=\"\" width=\"350\" height=\"234\" srcset=\"https:\/\/cineuro.eu\/wp-content\/uploads\/2026\/07\/forum-alentours-strasbourg-2026-07-02-sl-21-1.jpg 350w, https:\/\/cineuro.eu\/wp-content\/uploads\/2026\/07\/forum-alentours-strasbourg-2026-07-02-sl-21-1-300x201.jpg 300w, https:\/\/cineuro.eu\/wp-content\/uploads\/2026\/07\/forum-alentours-strasbourg-2026-07-02-sl-21-1-187x125.jpg 187w\" sizes=\"auto, (max-width: 350px) 100vw, 350px\" \/> <img loading=\"lazy\" decoding=\"async\" class=\"size-full wp-image-29268\" src=\"https:\/\/cineuro.eu\/wp-content\/uploads\/2026\/07\/forum-alentours-strasbourg-2026-07-02-sl-43-1.jpg\" alt=\"\" width=\"350\" height=\"234\" srcset=\"https:\/\/cineuro.eu\/wp-content\/uploads\/2026\/07\/forum-alentours-strasbourg-2026-07-02-sl-43-1.jpg 350w, https:\/\/cineuro.eu\/wp-content\/uploads\/2026\/07\/forum-alentours-strasbourg-2026-07-02-sl-43-1-300x201.jpg 300w, https:\/\/cineuro.eu\/wp-content\/uploads\/2026\/07\/forum-alentours-strasbourg-2026-07-02-sl-43-1-187x125.jpg 187w\" sizes=\"auto, (max-width: 350px) 100vw, 350px\" \/><\/p>\n<p style=\"text-align: center;\"><img loading=\"lazy\" decoding=\"async\" class=\"size-full wp-image-29265\" src=\"https:\/\/cineuro.eu\/wp-content\/uploads\/2026\/07\/forum-alentours-strasbourg-2026-07-02-sl-41-1.jpg\" alt=\"\" width=\"350\" height=\"234\" srcset=\"https:\/\/cineuro.eu\/wp-content\/uploads\/2026\/07\/forum-alentours-strasbourg-2026-07-02-sl-41-1.jpg 350w, https:\/\/cineuro.eu\/wp-content\/uploads\/2026\/07\/forum-alentours-strasbourg-2026-07-02-sl-41-1-300x201.jpg 300w, https:\/\/cineuro.eu\/wp-content\/uploads\/2026\/07\/forum-alentours-strasbourg-2026-07-02-sl-41-1-187x125.jpg 187w\" sizes=\"auto, (max-width: 350px) 100vw, 350px\" \/> <img loading=\"lazy\" decoding=\"async\" class=\"size-full wp-image-29280\" src=\"https:\/\/cineuro.eu\/wp-content\/uploads\/2026\/07\/forum-alentours-strasbourg-2026-07-02-sl-48-3-2.jpg\" alt=\"\" width=\"350\" height=\"234\" srcset=\"https:\/\/cineuro.eu\/wp-content\/uploads\/2026\/07\/forum-alentours-strasbourg-2026-07-02-sl-48-3-2.jpg 350w, https:\/\/cineuro.eu\/wp-content\/uploads\/2026\/07\/forum-alentours-strasbourg-2026-07-02-sl-48-3-2-300x201.jpg 300w, https:\/\/cineuro.eu\/wp-content\/uploads\/2026\/07\/forum-alentours-strasbourg-2026-07-02-sl-48-3-2-187x125.jpg 187w\" sizes=\"auto, (max-width: 350px) 100vw, 350px\" \/><\/p>\n<p>&nbsp;<\/p>\n","protected":false},"template":"","categories":[363],"territoire":[],"class_list":["post-29285","actualite","type-actualite","status-publish","hentry","category-branchentreffen"],"acf":[],"yoast_head":"<!-- This site is optimized with the Yoast SEO plugin v28.2 - https:\/\/yoast.com\/product\/yoast-seo-wordpress\/ -->\n<title>R\u00fcckblick auf das Forum Alentours 2026 - CinEuro<\/title>\n<meta name=\"robots\" content=\"index, follow, max-snippet:-1, max-image-preview:large, max-video-preview:-1\" \/>\n<link rel=\"canonical\" href=\"https:\/\/cineuro.eu\/de\/news\/rueckblick-auf-das-forum-alentours-2026\/\" \/>\n<meta property=\"og:locale\" content=\"de_DE\" \/>\n<meta property=\"og:type\" content=\"article\" \/>\n<meta property=\"og:title\" content=\"R\u00fcckblick auf das Forum Alentours 2026 - CinEuro\" \/>\n<meta property=\"og:description\" content=\"Mehr als 350 Fachleute aus der Film- und Audiovisionsbranche nutzten auch in diesem Jahr drei Tage lang Pitching-Sessions, inspirierende Panels und One-to-One-Meetings. Damit Sie dieses bedeutende Ereignis der grenz\u00fcberschreitenden Koproduktion noch einmal Revue passieren lassen k\u00f6nnen, finden Sie hier die wichtigsten H\u00f6hepunkte des Forums im \u00dcberblick! &nbsp; Hohe Beteiligung und eine weiter gest\u00e4rkte grenz\u00fcberschreitende Zusammenarbeit [&hellip;]\" \/>\n<meta property=\"og:url\" content=\"https:\/\/cineuro.eu\/de\/news\/rueckblick-auf-das-forum-alentours-2026\/\" \/>\n<meta property=\"og:site_name\" content=\"CinEuro\" \/>\n<meta property=\"article:modified_time\" content=\"2026-08-31T09:25:09+00:00\" \/>\n<meta property=\"og:image\" content=\"https:\/\/cineuro.eu\/wp-content\/uploads\/2026\/07\/label-ecomanifestations-niv3-2025.png\" \/>\n\t<meta property=\"og:image:width\" content=\"200\" \/>\n\t<meta property=\"og:image:height\" content=\"200\" \/>\n\t<meta property=\"og:image:type\" content=\"image\/png\" \/>\n<meta name=\"twitter:card\" content=\"summary_large_image\" \/>\n<meta name=\"twitter:label1\" content=\"Gesch\u00e4tzte Lesezeit\" \/>\n\t<meta name=\"twitter:data1\" content=\"4\u00a0Minuten\" \/>\n<script type=\"application\/ld+json\" class=\"yoast-schema-graph\">{\"@context\":\"https:\\\/\\\/schema.org\",\"@graph\":[{\"@type\":\"WebPage\",\"@id\":\"https:\\\/\\\/cineuro.eu\\\/de\\\/news\\\/rueckblick-auf-das-forum-alentours-2026\\\/\",\"url\":\"https:\\\/\\\/cineuro.eu\\\/de\\\/news\\\/rueckblick-auf-das-forum-alentours-2026\\\/\",\"name\":\"R\u00fcckblick auf das Forum Alentours 2026 - CinEuro\",\"isPartOf\":{\"@id\":\"https:\\\/\\\/cineuro.eu\\\/de\\\/#website\"},\"primaryImageOfPage\":{\"@id\":\"https:\\\/\\\/cineuro.eu\\\/de\\\/news\\\/rueckblick-auf-das-forum-alentours-2026\\\/#primaryimage\"},\"image\":{\"@id\":\"https:\\\/\\\/cineuro.eu\\\/de\\\/news\\\/rueckblick-auf-das-forum-alentours-2026\\\/#primaryimage\"},\"thumbnailUrl\":\"https:\\\/\\\/cineuro.eu\\\/wp-content\\\/uploads\\\/2026\\\/07\\\/label-ecomanifestations-niv3-2025.png\",\"datePublished\":\"2026-08-31T09:16:32+00:00\",\"dateModified\":\"2026-08-31T09:25:09+00:00\",\"breadcrumb\":{\"@id\":\"https:\\\/\\\/cineuro.eu\\\/de\\\/news\\\/rueckblick-auf-das-forum-alentours-2026\\\/#breadcrumb\"},\"inLanguage\":\"de\",\"potentialAction\":[{\"@type\":\"ReadAction\",\"target\":[\"https:\\\/\\\/cineuro.eu\\\/de\\\/news\\\/rueckblick-auf-das-forum-alentours-2026\\\/\"]}]},{\"@type\":\"ImageObject\",\"inLanguage\":\"de\",\"@id\":\"https:\\\/\\\/cineuro.eu\\\/de\\\/news\\\/rueckblick-auf-das-forum-alentours-2026\\\/#primaryimage\",\"url\":\"https:\\\/\\\/cineuro.eu\\\/wp-content\\\/uploads\\\/2026\\\/07\\\/label-ecomanifestations-niv3-2025.png\",\"contentUrl\":\"https:\\\/\\\/cineuro.eu\\\/wp-content\\\/uploads\\\/2026\\\/07\\\/label-ecomanifestations-niv3-2025.png\"},{\"@type\":\"BreadcrumbList\",\"@id\":\"https:\\\/\\\/cineuro.eu\\\/de\\\/news\\\/rueckblick-auf-das-forum-alentours-2026\\\/#breadcrumb\",\"itemListElement\":[{\"@type\":\"ListItem\",\"position\":1,\"name\":\"\",\"item\":\"https:\\\/\\\/cineuro.eu\\\/de\\\/\"},{\"@type\":\"ListItem\",\"position\":2,\"name\":\"Aktuelles\",\"item\":\"https:\\\/\\\/cineuro.eu\\\/de\\\/news\\\/\"},{\"@type\":\"ListItem\",\"position\":3,\"name\":\"R\u00fcckblick auf das Forum Alentours 2026\"}]},{\"@type\":\"WebSite\",\"@id\":\"https:\\\/\\\/cineuro.eu\\\/de\\\/#website\",\"url\":\"https:\\\/\\\/cineuro.eu\\\/de\\\/\",\"name\":\"CinEuro\",\"description\":\"Just another WordPress site\",\"potentialAction\":[{\"@type\":\"SearchAction\",\"target\":{\"@type\":\"EntryPoint\",\"urlTemplate\":\"https:\\\/\\\/cineuro.eu\\\/de\\\/?s={search_term_string}\"},\"query-input\":{\"@type\":\"PropertyValueSpecification\",\"valueRequired\":true,\"valueName\":\"search_term_string\"}}],\"inLanguage\":\"de\"}]}<\/script>\n<!-- \/ Yoast SEO plugin. -->","yoast_head_json":{"title":"R\u00fcckblick auf das Forum Alentours 2026 - CinEuro","robots":{"index":"index","follow":"follow","max-snippet":"max-snippet:-1","max-image-preview":"max-image-preview:large","max-video-preview":"max-video-preview:-1"},"canonical":"https:\/\/cineuro.eu\/de\/news\/rueckblick-auf-das-forum-alentours-2026\/","og_locale":"de_DE","og_type":"article","og_title":"R\u00fcckblick auf das Forum Alentours 2026 - CinEuro","og_description":"Mehr als 350 Fachleute aus der Film- und Audiovisionsbranche nutzten auch in diesem Jahr drei Tage lang Pitching-Sessions, inspirierende Panels und One-to-One-Meetings. Damit Sie dieses bedeutende Ereignis der grenz\u00fcberschreitenden Koproduktion noch einmal Revue passieren lassen k\u00f6nnen, finden Sie hier die wichtigsten H\u00f6hepunkte des Forums im \u00dcberblick! &nbsp; Hohe Beteiligung und eine weiter gest\u00e4rkte grenz\u00fcberschreitende Zusammenarbeit [&hellip;]","og_url":"https:\/\/cineuro.eu\/de\/news\/rueckblick-auf-das-forum-alentours-2026\/","og_site_name":"CinEuro","article_modified_time":"2026-08-31T09:25:09+00:00","og_image":[{"width":200,"height":200,"url":"https:\/\/cineuro.eu\/wp-content\/uploads\/2026\/07\/label-ecomanifestations-niv3-2025.png","type":"image\/png"}],"twitter_card":"summary_large_image","twitter_misc":{"Gesch\u00e4tzte Lesezeit":"4\u00a0Minuten"},"schema":{"@context":"https:\/\/schema.org","@graph":[{"@type":"WebPage","@id":"https:\/\/cineuro.eu\/de\/news\/rueckblick-auf-das-forum-alentours-2026\/","url":"https:\/\/cineuro.eu\/de\/news\/rueckblick-auf-das-forum-alentours-2026\/","name":"R\u00fcckblick auf das Forum Alentours 2026 - CinEuro","isPartOf":{"@id":"https:\/\/cineuro.eu\/de\/#website"},"primaryImageOfPage":{"@id":"https:\/\/cineuro.eu\/de\/news\/rueckblick-auf-das-forum-alentours-2026\/#primaryimage"},"image":{"@id":"https:\/\/cineuro.eu\/de\/news\/rueckblick-auf-das-forum-alentours-2026\/#primaryimage"},"thumbnailUrl":"https:\/\/cineuro.eu\/wp-content\/uploads\/2026\/07\/label-ecomanifestations-niv3-2025.png","datePublished":"2026-08-31T09:16:32+00:00","dateModified":"2026-08-31T09:25:09+00:00","breadcrumb":{"@id":"https:\/\/cineuro.eu\/de\/news\/rueckblick-auf-das-forum-alentours-2026\/#breadcrumb"},"inLanguage":"de","potentialAction":[{"@type":"ReadAction","target":["https:\/\/cineuro.eu\/de\/news\/rueckblick-auf-das-forum-alentours-2026\/"]}]},{"@type":"ImageObject","inLanguage":"de","@id":"https:\/\/cineuro.eu\/de\/news\/rueckblick-auf-das-forum-alentours-2026\/#primaryimage","url":"https:\/\/cineuro.eu\/wp-content\/uploads\/2026\/07\/label-ecomanifestations-niv3-2025.png","contentUrl":"https:\/\/cineuro.eu\/wp-content\/uploads\/2026\/07\/label-ecomanifestations-niv3-2025.png"},{"@type":"BreadcrumbList","@id":"https:\/\/cineuro.eu\/de\/news\/rueckblick-auf-das-forum-alentours-2026\/#breadcrumb","itemListElement":[{"@type":"ListItem","position":1,"name":"","item":"https:\/\/cineuro.eu\/de\/"},{"@type":"ListItem","position":2,"name":"Aktuelles","item":"https:\/\/cineuro.eu\/de\/news\/"},{"@type":"ListItem","position":3,"name":"R\u00fcckblick auf das Forum Alentours 2026"}]},{"@type":"WebSite","@id":"https:\/\/cineuro.eu\/de\/#website","url":"https:\/\/cineuro.eu\/de\/","name":"CinEuro","description":"Just another WordPress site","potentialAction":[{"@type":"SearchAction","target":{"@type":"EntryPoint","urlTemplate":"https:\/\/cineuro.eu\/de\/?s={search_term_string}"},"query-input":{"@type":"PropertyValueSpecification","valueRequired":true,"valueName":"search_term_string"}}],"inLanguage":"de"}]}},"_links":{"self":[{"href":"https:\/\/cineuro.eu\/de\/wp-json\/wp\/v2\/actualite\/29285","targetHints":{"allow":["GET"]}}],"collection":[{"href":"https:\/\/cineuro.eu\/de\/wp-json\/wp\/v2\/actualite"}],"about":[{"href":"https:\/\/cineuro.eu\/de\/wp-json\/wp\/v2\/types\/actualite"}],"wp:attachment":[{"href":"https:\/\/cineuro.eu\/de\/wp-json\/wp\/v2\/media?parent=29285"}],"wp:term":[{"taxonomy":"category","embeddable":true,"href":"https:\/\/cineuro.eu\/de\/wp-json\/wp\/v2\/categories?post=29285"},{"taxonomy":"territoire","embeddable":true,"href":"https:\/\/cineuro.eu\/de\/wp-json\/wp\/v2\/territoire?post=29285"}],"curies":[{"name":"wp","href":"https:\/\/api.w.org\/{rel}","templated":true}]}}